{"id":40,"date":"2024-11-25T15:26:55","date_gmt":"2024-11-25T15:26:55","guid":{"rendered":"https:\/\/working.drtech.cl\/?p=40"},"modified":"2024-12-13T19:39:29","modified_gmt":"2024-12-13T19:39:29","slug":"conmemoracion-dia-del-profesor","status":"publish","type":"post","link":"https:\/\/jfscogoti18.cl\/index.php\/2024\/11\/25\/conmemoracion-dia-del-profesor\/","title":{"rendered":"Conmemoraci\u00f3n D\u00eda del Profesor"},"content":{"rendered":"<p>[et_pb_section fb_built=&#8221;1&#8243; theme_builder_area=&#8221;post_content&#8221; _builder_version=&#8221;4.27.3&#8243; _module_preset=&#8221;default&#8221;][et_pb_row _builder_version=&#8221;4.27.3&#8243; _module_preset=&#8221;default&#8221; theme_builder_area=&#8221;post_content&#8221;][et_pb_column _builder_version=&#8221;4.27.3&#8243; _module_preset=&#8221;default&#8221; type=&#8221;4_4&#8243; theme_builder_area=&#8221;post_content&#8221;][et_pb_text _builder_version=&#8221;4.27.3&#8243; _module_preset=&#8221;default&#8221; theme_builder_area=&#8221;post_content&#8221; _dynamic_attributes=&#8221;content&#8221; hover_enabled=&#8221;0&#8243; sticky_enabled=&#8221;0&#8243;]@ET-DC@eyJkeW5hbWljIjp0cnVlLCJjb250ZW50IjoicG9zdF9leGNlcnB0Iiwic2V0dGluZ3MiOnsiYmVmb3JlIjoiIiwiYWZ0ZXIiOiIiLCJ3b3JkcyI6IiIsInJlYWRfbW9yZV9sYWJlbCI6IiJ9fQ==@[\/et_pb_text][\/et_pb_column][\/et_pb_row][\/et_pb_section]<\/p>\n","protected":false},"excerpt":{"rendered":"<p>El d\u00eda Jueves 13 de Octubre, la Comunidad Educativa de la Escuela Juanita Fern\u00e1ndez Solar de<br \/>\nCogoti 18, se congreg\u00f3 en el Gimnasio del Establecimiento, para realizar un acto C\u00edvico en<br \/>\nConmemoraci\u00f3n al D\u00eda del Profesor y de los Asistentes de la Educaci\u00f3n, el acto cuya organizaci\u00f3n y<br \/>\npreparaciC3n fue encabezada por el 8\u00b0 a\u00f1o b\u00e1sico y su profesora Jefe Sra. Mary Carvajal.<br \/>\nEn dicha actividad los alumnos y alumnas de los diversos cursos mostraron sus dotes art\u00edsticas y el<br \/>\naprecio que sienten hacia el personal docente y asistente, demostrando con ello su<br \/>\nagradecimiento por la labor que realizan.<br \/>\nA todos los profesores se les entreg\u00f3 un peque\u00f1o presente, asimismo en nombre de todos los<br \/>\napoderados, el Centro General entreg\u00f3 un obsequio que se agradece y compromete para seguir<br \/>\ntrabajando y creciendo en la labor educativa.<\/p>\n","protected":false},"author":1,"featured_media":41,"comment_status":"closed","ping_status":"closed","sticky":false,"template":"","format":"standard","meta":{"_et_pb_use_builder":"on","_et_pb_old_content":"<!-- wp:divi\/placeholder \/-->","_et_gb_content_width":"","footnotes":""},"categories":[3],"tags":[],"class_list":["post-40","post","type-post","status-publish","format-standard","has-post-thumbnail","hentry","category-noticias"],"_links":{"self":[{"href":"https:\/\/jfscogoti18.cl\/index.php\/wp-json\/wp\/v2\/posts\/40","targetHints":{"allow":["GET"]}}],"collection":[{"href":"https:\/\/jfscogoti18.cl\/index.php\/wp-json\/wp\/v2\/posts"}],"about":[{"href":"https:\/\/jfscogoti18.cl\/index.php\/wp-json\/wp\/v2\/types\/post"}],"author":[{"embeddable":true,"href":"https:\/\/jfscogoti18.cl\/index.php\/wp-json\/wp\/v2\/users\/1"}],"replies":[{"embeddable":true,"href":"https:\/\/jfscogoti18.cl\/index.php\/wp-json\/wp\/v2\/comments?post=40"}],"version-history":[{"count":3,"href":"https:\/\/jfscogoti18.cl\/index.php\/wp-json\/wp\/v2\/posts\/40\/revisions"}],"predecessor-version":[{"id":167,"href":"https:\/\/jfscogoti18.cl\/index.php\/wp-json\/wp\/v2\/posts\/40\/revisions\/167"}],"wp:featuredmedia":[{"embeddable":true,"href":"https:\/\/jfscogoti18.cl\/index.php\/wp-json\/wp\/v2\/media\/41"}],"wp:attachment":[{"href":"https:\/\/jfscogoti18.cl\/index.php\/wp-json\/wp\/v2\/media?parent=40"}],"wp:term":[{"taxonomy":"category","embeddable":true,"href":"https:\/\/jfscogoti18.cl\/index.php\/wp-json\/wp\/v2\/categories?post=40"},{"taxonomy":"post_tag","embeddable":true,"href":"https:\/\/jfscogoti18.cl\/index.php\/wp-json\/wp\/v2\/tags?post=40"}],"curies":[{"name":"wp","href":"https:\/\/api.w.org\/{rel}","templated":true}]}}